{"id":942,"date":"2010-05-28T16:05:00","date_gmt":"2010-05-28T20:05:00","guid":{"rendered":"https:\/\/roeanews.info\/?p=942"},"modified":"2024-02-20T16:03:45","modified_gmt":"2024-02-20T21:03:45","slug":"message-of-episcopal-assembly-2","status":"publish","type":"post","link":"https:\/\/roeanews.info\/ro\/2010\/05\/28\/message-of-episcopal-assembly-2\/","title":{"rendered":"Mesaj de la Adunarea Episcopala"},"content":{"rendered":"<p class=\"wp-block-paragraph\">Author: AB (IPS) Demetrios et al<br>May 28, 2010<br><br>Mesaj de la Adunarea Episcopala al Ierarhilor Ortodocsi Canonici din America de Nord si Centrala,<br>26-28 mai, 2010, New York.<\/p>\n\n\n\n<p class=\"wp-block-paragraph\">De la romarch.org<\/p>\n\n\n\n<p class=\"wp-block-paragraph\"><strong>ART. 4<br>AT THE EPISCOPAL ASSEMBLY AND AFTER \u2013 UNITY OF ORTHODOX IN NA<br>26-28 MAY 2010 NEW YORK<br>LA ADUNAREA EPISCOPALA SI DUPA \u2013 UNIREA ORTODOCSILOR DIN NA<\/strong><\/p>\n\n\n\n<p class=\"wp-block-paragraph\">D\u0103m slav\u0103 lui Dumnezeu Cel Unul \u00een Fiin\u0163\u0103 \u015fi \u00centreit \u00een Persoane pentru c\u0103 ne-a adus \u00eempreun\u0103 la aceast\u0103 prim\u0103 Adunare Episcopal\u0103 din aceast\u0103 regiune, \u00een New York, \u00eentre 26 \u015fi 28 mai 2010, ca urmare a hot\u0103r\u00e2rilor celei de a patra Conferin\u0163e Pre-sinodale Pan-ortodox\u0103 care a avut loc la Centrul Ortodox al Patriarhiei Ecumenice din Chambesy, Elve\u0163ia, \u00eentre 6-12 iunie 2009, la invita\u0163ia Sanctit\u0103\u0163ii Sale Patriarhul Ecumenic Bartolomeu.<\/p>\n\n\n\n<p class=\"wp-block-paragraph\">Aduna\u0163i \u00een bucuria Praznicului Rusaliilor, recunoa\u015ftem cu nevrednicie \u015fi \u00eentru smerenie chemarea noastr\u0103 de a servi ca unelte \u015fi ucenici ai Sf\u00e2ntului Duh, care \u201c\u0163ine \u00eempreun\u0103 \u00eentreaga Biseric\u0103\u201d (tropar la Vecernia Rusaliilor).<\/p>\n\n\n\n<p class=\"wp-block-paragraph\">Ne exprim\u0103m respectul \u015fi recuno\u015ftin\u0163a fa\u0163\u0103 de \u00cent\u00e2ist\u0103t\u0103torii \u015fi reprezentan\u0163ii Bisericilor Ortodoxe Autocefale care s-au \u00eent\u00e2lnit la Patriarhia Ecumenic\u0103 \u00eentre 10-12  octombrie 2008 pentru a-\u015fi afirma \u201cpozi\u0163ia lor neclintit\u0103 \u015fi obliga\u0163ia de a p\u0103stra unitatea Bisericii Ortodoxe\u201d (Reguli de func\u0163ionare, Chamb\u00e9sy, articolul 5.1a) \u015fi au subliniat voin\u0163a \u015fi \u201cdorin\u0163a de vindecare rapid\u0103 a oric\u0103rei nereguli canonice care s-a ivit din circumstan\u0163e istorice \u015fi necesit\u0103\u0163i pastorale\u201d (Mesajul Prima\u0163ilor 13.1-2)<\/p>\n\n\n\n<p class=\"wp-block-paragraph\">Ne amintim de cei care au dorit aceast\u0103 unitate \u00een aceast\u0103 parte de lume \u015fi s-au str\u0103duit s\u0103 dep\u0103\u015feasc\u0103 neregulile canonice rezultate din diverse motive, printre care \u015fi suprapunerea geografic\u0103 a jurisdic\u0163iilor. Pentru c\u0103, a\u015fa cum Domnul nostru Iisus Hristos \u00een Sf\u00e2nta Euharistie \u201cse sfarm\u0103 \u015fi nu se desparte\u201d (Sf. Liturghie a Sf\u00e2ntului Ioan Gur\u0103 de Aur), a\u015fa \u015fi Trupul S\u0103u cuprinde mul\u0163i membri, dar constituie o singur\u0103 Biseric\u0103.<\/p>\n\n\n\n<p class=\"wp-block-paragraph\">Suntem recunosc\u0103tori pentru darul unit\u0103\u0163ii doctrinale \u015fi liturgice pe care \u00eel avem deja \u015fi suntem \u00eencuraja\u0163i de liderii no\u015ftri, conduc\u0103torii Bisericilor Ortodoxe din \u00eentreaga lume, care au propus \u201cvindecarea rapid\u0103 a oric\u0103rei nereguli canonice\u201d, lucru dup\u0103 care noi t\u00e2njim \u00een aceast\u0103 regiune (Mesajul Prima\u0163ilor 13.2 ). De asemenea, suntem recunosc\u0103tori pentru c\u0103 ei au pus bazele unui proces care s\u0103 duc\u0103 la o solu\u0163ie canonic\u0103.<\/p>\n\n\n\n<p class=\"wp-block-paragraph\">Suntem recunosc\u0103tori Atotputernicului Dumnezeu pentru cre\u015fterea Ortodoxiei, pentru p\u0103strarea tradi\u0163iilor noastre, precum \u015fi pentru influen\u0163a comunit\u0103\u0163ilor noastre \u00een aceast\u0103 regiune. Aceasta reprezint\u0103 \u00eentr-adev\u0103r o minune \u015fi o tain\u0103.<\/p>\n\n\n\n<p class=\"wp-block-paragraph\">Pe parcursul \u00eent\u00e2lnirii noastre, \u00een conformitate cu normele de func\u0163ionare a Adun\u0103rilor episcopale promulgate de a patra Conferin\u0163\u0103 Pan-ortodox\u0103 Pre-sinodal\u0103, am instituit:<\/p>\n\n\n\n<p class=\"wp-block-paragraph\">1. \u00cenregistrarea episcopilor canonici (articolul 6.1).<\/p>\n\n\n\n<p class=\"wp-block-paragraph\">2. O comisie pentru a stabili statutul canonic al comunit\u0103\u0163ilor locale din regiune care nu au nici o leg\u0103tur\u0103 cu Preasfintele Biserici Autocefale (articolul 6.2).<\/p>\n\n\n\n<p class=\"wp-block-paragraph\">3. \u00cenregistrarea clerului canonic (articolul 6.3).<\/p>\n\n\n\n<p class=\"wp-block-paragraph\">4. Comitete care s\u0103 continue lucr\u0103rile Adun\u0103rii, incluz\u00e2nd printre altele problemele liturgice, pastorale, financiare, educa\u0163ionale, ecumenice \u015fi juridice (articolele 11 \u015fi 12).<\/p>\n\n\n\n<p class=\"wp-block-paragraph\">5. O comisie pentru a planifica organizarea ortodoc\u015filor din zon\u0103 pe o baz\u0103 canonic\u0103 (articolul 5.1).<\/p>\n\n\n\n<p class=\"wp-block-paragraph\">\u00cen plus fa\u0163\u0103 de cele men\u0163ionate, am convenit ca o baz\u0103 de date a tuturor comunit\u0103\u0163ilor canonice din regiunea noastr\u0103 s\u0103 fie creat\u0103 \u015fi p\u0103strat\u0103 de c\u0103tre Adunare.<\/p>\n\n\n\n<p class=\"wp-block-paragraph\">Ca \u015fi Adunare Episcopal\u0103 ne consider\u0103m succesorii Conferin\u0163ei Permanente a Episcopilor Ortodoc\u015fi Canonici din America (SCOBA), primind toate agen\u0163iile ei, comisiile de dialog \u015fi celelalte slujiri.<\/p>\n\n\n\n<p class=\"wp-block-paragraph\">\u00cen plus, la cererea oficial\u0103 a ierarhilor care au jurisdic\u0163ie \u00een Canada, Adunarea va prezenta Patriarhului Ecumenic, \u00een conformitate cu regulile de func\u0163ionare (articolul 13), o cerere de \u00eemp\u0103r\u0163ire a regiunii Americii de Nord \u015fi Centrale \u00een dou\u0103 regiuni distincte (Statele Unite \u015fi Canada). De asemenea, la cererea ierarhilor cu jurisdic\u0163ie \u00een Mexic \u015fi America Central\u0103, Adunarea va solicita ca aceste regiuni s\u0103 fie incluse \u00een Adunarea Americii de Sud.<\/p>\n\n\n\n<p class=\"wp-block-paragraph\">\u00cen calitatea noastr\u0103 de ierarhi ortodoc\u015fi \u00een aceast\u0103 binecuv\u00e2ntat\u0103 parte a lumii, ne exprim\u0103m hot\u0103r\u00e2rea de a adera \u015fi adopta reglement\u0103rile propuse de Conferin\u0163ele pan-ortodoxe \u015fi aprobate de c\u0103tre Bisericile Ortodoxe Autocefale \u015fi a face tot ce ne st\u0103 \u00een putin\u0163\u0103, prin harul lui Dumnezeu, pentru a propune ac\u0163iuni care vor facilita r\u00e2nduiala canonic\u0103 \u00een regiunea noastr\u0103.<\/p>\n\n\n\n<p class=\"wp-block-paragraph\">M\u0103rturisim ata\u015famentul nostru la credin\u0163a ortodox\u0103 apostolic\u0103 \u015fi angajamentul de a promova \u201co ac\u0163iune comun\u0103 pentru a r\u0103spunde nevoilor pastorale ale cre\u015ftinilor ortodoc\u015fi care tr\u0103iesc \u00een regiunea noastr\u0103\u201d (Chambesy, Decizia 2c). Facem apel la clerul \u015fi credincio\u015fii no\u015ftri s\u0103 ni se al\u0103ture \u00een aceste eforturi \u201cde a proteja \u015fi contribui la unitatea Bisericii Ortodoxe din regiune, \u00een \u00eendatoririle ei teologice, ecleziologice, canonice, spirituale, filantropice, educa\u0163ionale \u015fi misionare\u201d (articolul 5.1) \u00een a\u015fteptarea Sf\u00e2ntului \u015fi Marelui Sinod.<\/p>\n\n\n\n<p class=\"wp-block-paragraph\">Adunarea Episcopal\u0103 s-a \u00eencheiat cu slujirea Sfintei Liturghii vineri 28 mai 2010 la Catedrala Greac\u0103 \u201cSf\u00e2nta Treime\u201d din New York. \u00cen timpul Sf. Liturghii s-au rostit rug\u0103ciuni pentru odihna celor 11 victime ale dezastrului ecologic actual din Golful Mexic, pentru alinarea familiilor lor, pentru to\u0163i cei afecta\u0163i de aceast\u0103 catastrof\u0103, precum \u015fi pentru toate persoanele care tr\u0103iesc \u00een condi\u0163ii de r\u0103zboi, de persecu\u0163ie, violen\u0163\u0103 \u015fi opresiune.<\/p>\n\n\n\n<p class=\"wp-block-paragraph\">Dintre cei 66 de ierarhi ai regiunii, urm\u0103torii 55 au fost prezen\u0163i la aceast\u0103 Adunare:<\/p>\n\n\n\n<p class=\"wp-block-paragraph\">Archbishop Demetrios, Chairman<br>Metropolitan Philip, Vice Chairman<br>Archbishop Justinian, Vice Chairman<br>Bishop Basil, Secretary<br>Archbishop Antony, Treasurer<\/p>\n\n\n\n<figure class=\"wp-block-table\"><table><tbody><tr><td>Metropolitan Iakovos<\/td><td>Metropolitan Constantine<\/td><td>Metropolitan Athenagoras<\/td><td>Metropolitan Methodios<\/td><\/tr><tr><td>Metropolitan Isaiah<\/td><td>Metropolitan Nicholas<\/td><td>Metropolitan Alexios<\/td><td>Metropolitan Nikitas<\/td><\/tr><tr><td>Metropolitan Nicholas<\/td><td>Metropolitan Gerasimos<\/td><td>Metropolitan Paisios<\/td><td>Archbishop Yurij<\/td><\/tr><tr><td>Bishop Christopher<\/td><td>Bishop Vikentios<\/td><td>Bishop Savas<\/td><td>Bishop Andonios<\/td><\/tr><tr><td>Bishop Ilia<\/td><td>Bishop Ilarion<\/td><td>Bishop Andriy<\/td><td>Bishop Demetrios<\/td><\/tr><tr><td>Bishop Daniel<\/td><td>Bishop Antoun<\/td><td>Bishop Joseph<\/td><td>Bishop Mark<\/td><\/tr><tr><td>Bishop Alexander<\/td><td>Metropolitan Hilarion<\/td><td>Bishop Iov<\/td><td>Bishop Gabriel<\/td><\/tr><tr><td>Bishop Peter<\/td><td>Bishop Theodosius<\/td><td>Bishop George<\/td><td>Bishop Ieronim<\/td><\/tr><tr><td>Metropolitan Christopher<\/td><td>Bishop Maxim<\/td><td>Bishop Maxim<\/td><td>IPS Nicolae<\/td><\/tr><tr><td>Bishop Ioan Casian<\/td><td>Metropolitan Joseph<\/td><td>Metropolitan Jonah<\/td><td>Archbishop Nathaniel<\/td><\/tr><tr><td>Archbishop Seraphim<\/td><td>Bishop Nikon<\/td><td>Bishop Tikhon<\/td><td>Bishop Tikhon<\/td><\/tr><tr><td>Bishop Benjamin<\/td><td>Bishop Melchisedek<\/td><td>Bishop Alejo<\/td><td>PS Irineu<\/td><\/tr><tr><td>Bishop Irinee<\/td><td>Bishop Michael<\/td><td><\/td><td><\/td><\/tr><\/tbody><\/table><\/figure>","protected":false},"excerpt":{"rendered":"<p>Author: AB (IPS) Demetrios et alMay 28, 2010 Message of the Episcopal Assembly of the Canonical Orthodox Hierarchs of North and Central America,May 26-28, 2010, New York. from goarch.org ART. 4AT THE EPISCOPAL ASSEMBLY AND AFTER \u2013 UNITY OF ORTHODOX IN NA26-28 MAY 2010 NEW YORKLA ADUNAREA EPISCOPALA SI DUPA \u2013 UNIREA ORTODOCSILOR DIN NA [&hellip;]<\/p>\n","protected":false},"author":246212808,"featured_media":966,"comment_status":"closed","ping_status":"closed","sticky":false,"template":"","format":"standard","meta":{"_crdt_document":"","advanced_seo_description":"","jetpack_seo_html_title":"","jetpack_seo_noindex":false,"_jetpack_newsletter_access":"","_jetpack_dont_email_post_to_subs":false,"_jetpack_newsletter_tier_id":0,"_jetpack_memberships_contains_paywalled_content":false,"_jetpack_memberships_contains_paid_content":false,"footnotes":"","jetpack_publicize_message":"","jetpack_publicize_feature_enabled":true,"jetpack_social_post_already_shared":false,"jetpack_social_options":{"image_generator_settings":{"template":"highway","default_image_id":0,"font":"","enabled":false},"version":2},"_wpas_customize_per_network":false,"jetpack_post_was_ever_published":false},"categories":[3205],"tags":[],"class_list":["post-942","post","type-post","status-publish","format-standard","has-post-thumbnail","hentry","category-english"],"jetpack_publicize_connections":[],"jetpack_featured_media_url":"https:\/\/i0.wp.com\/roeanews.info\/wp-content\/uploads\/2024\/02\/image-114.png?fit=200%2C157&ssl=1","jetpack_likes_enabled":true,"jetpack_sharing_enabled":true,"jetpack_shortlink":"https:\/\/wp.me\/pfcdbO-fc","_links":{"self":[{"href":"https:\/\/roeanews.info\/ro\/wp-json\/wp\/v2\/posts\/942","targetHints":{"allow":["GET"]}}],"collection":[{"href":"https:\/\/roeanews.info\/ro\/wp-json\/wp\/v2\/posts"}],"about":[{"href":"https:\/\/roeanews.info\/ro\/wp-json\/wp\/v2\/types\/post"}],"author":[{"embeddable":true,"href":"https:\/\/roeanews.info\/ro\/wp-json\/wp\/v2\/users\/246212808"}],"replies":[{"embeddable":true,"href":"https:\/\/roeanews.info\/ro\/wp-json\/wp\/v2\/comments?post=942"}],"version-history":[{"count":4,"href":"https:\/\/roeanews.info\/ro\/wp-json\/wp\/v2\/posts\/942\/revisions"}],"predecessor-version":[{"id":1461,"href":"https:\/\/roeanews.info\/ro\/wp-json\/wp\/v2\/posts\/942\/revisions\/1461"}],"wp:featuredmedia":[{"embeddable":true,"href":"https:\/\/roeanews.info\/ro\/wp-json\/wp\/v2\/media\/966"}],"wp:attachment":[{"href":"https:\/\/roeanews.info\/ro\/wp-json\/wp\/v2\/media?parent=942"}],"wp:term":[{"taxonomy":"category","embeddable":true,"href":"https:\/\/roeanews.info\/ro\/wp-json\/wp\/v2\/categories?post=942"},{"taxonomy":"post_tag","embeddable":true,"href":"https:\/\/roeanews.info\/ro\/wp-json\/wp\/v2\/tags?post=942"}],"curies":[{"name":"wp","href":"https:\/\/api.w.org\/{rel}","templated":true}]}}